{"id":7628,"date":"2025-08-14T11:19:00","date_gmt":"2025-08-14T09:19:00","guid":{"rendered":"https:\/\/culturatorrevieja.com\/the-municipal-theater-of-torrevieja-is-filled-with-music-with-flamenco-solera-salero-y-compas-and-a-candlelight-tribute-to-abba\/"},"modified":"2025-10-28T17:16:57","modified_gmt":"2025-10-28T16:16:57","slug":"the-municipal-theater-of-torrevieja-is-filled-with-music-with-flamenco-solera-salero-y-compas-and-a-candlelight-tribute-to-abba","status":"publish","type":"post","link":"https:\/\/culturatorrevieja.com\/en\/the-municipal-theater-of-torrevieja-is-filled-with-music-with-flamenco-solera-salero-y-compas-and-a-candlelight-tribute-to-abba\/","title":{"rendered":"The Municipal Theater of Torrevieja is filled with music with flamenco &#8220;Solera, Salero y Comp\u00e1s&#8221; and a Candlelight tribute to ABBA."},"content":{"rendered":"\n<ul class=\"wp-block-list\">\n<li>This Thursday, August 14, the Casa de Andaluc\u00eda &#8220;Rafael Albert\u00ed&#8221; presents the III edition of &#8220;Solera, Salero y Comp\u00e1s&#8221;, with figures such as Jes\u00fas Castilla and the Ballet Flamenco Lo Ferro.<\/li>\n\n\n\n<li>On Saturday, August 16, Candlelight returns with an intimate and spectacular tribute to ABBA performed by the Salzillo Quartet, surrounded by hundreds of candles.<\/li>\n<\/ul>\n\n<p><strong>Flamenco Festival<\/strong><\/p>\n\n<p>On Thursday, August 14 at 20:00 hours, the Casa de Andaluc\u00eda &#8220;Rafael Albert\u00ed&#8221; of Torrevieja rekindles the flame of Andalusian art with the third edition of its successful festival <strong>&#8220;Solera, Salero y Comp\u00e1s&#8221; <\/strong>to be presented at the Municipal Theater. After the resounding success of the first two editions, the event returns with a program that combines tradition, emotion and a first class artistic cast. <\/p>\n\n<p>The public will be able to enjoy the flamenco show <strong>&#8220;Mi cante, mi verdad&#8221;,<\/strong> performed by outstanding guest artists, and <strong>&#8220;Leyenda&#8221;,<\/strong> by the renowned <strong>Ballet Flamenco Lo Ferro<\/strong>, which will fill the stage with strength and elegance. The evening will also feature the voice of <strong>Jes\u00fas Castilla<\/strong>, recent winner of the prestigious <em>Mel\u00f3n de Oro de Lo Ferro 2024 Award<\/em>, accompanied by the guitar mastery of <strong>El Ni\u00f1o Manuel<\/strong>. <\/p>\n\n<p>This festival is a living tribute to the authenticity and soul of Andalusia, which is expressed in every beat, every quej\u00edo and every movement. A unique opportunity to experience flamenco in its purest form, in a close and passionate atmosphere. <\/p>\n\n<figure class=\"wp-block-image size-large is-resized\"><img fetchpriority=\"high\" decoding=\"async\" width=\"1024\" height=\"1024\" src=\"https:\/\/culturatorrevieja.com\/wp-content\/uploads\/2025\/08\/POST-y-CARTELES-59-1024x1024.png\" alt=\"\" class=\"wp-image-6859\" style=\"width:473px;height:auto\" srcset=\"https:\/\/culturatorrevieja.com\/wp-content\/uploads\/2025\/08\/POST-y-CARTELES-59-1024x1024.png 1024w, https:\/\/culturatorrevieja.com\/wp-content\/uploads\/2025\/08\/POST-y-CARTELES-59-300x300.png 300w, https:\/\/culturatorrevieja.com\/wp-content\/uploads\/2025\/08\/POST-y-CARTELES-59-150x150.png 150w, https:\/\/culturatorrevieja.com\/wp-content\/uploads\/2025\/08\/POST-y-CARTELES-59-768x768.png 768w, https:\/\/culturatorrevieja.com\/wp-content\/uploads\/2025\/08\/POST-y-CARTELES-59.png 1080w\" sizes=\"(max-width: 1024px) 100vw, 1024px\" \/><\/figure>\n\n<p><strong>Tribute to ABBA<\/strong><\/p>\n\n<p>Two days later, on Saturday August 16 at 20:00 pm, the Municipal Theatre will change the flamenco duende by the magic of the most iconic pop with <strong>Candlelight: Tribute to ABBA<\/strong>. This format of intimate concerts, wrapped in the warm light of hundreds of candles, has conquered stages around the world, and returns to Torrevieja to pay tribute to the legendary Swedish band that marked several generations. <\/p>\n\n<p>The <strong>Salzillo Quartet<\/strong> will be in charge of bringing to life unforgettable songs such as <em>Dancing Queen<\/em>, <em>The Winner Takes it All<\/em>, <em>Mamma Mia, Waterloo<\/em> or <em>Chiquitita<\/em>, in a program that combines energy, emotion and the elegance of string arrangements. Each note will resonate in a magical environment that will transform the musical experience into an unrepeatable moment. <\/p>\n\n<p>As a prelude to the concert, the public will be able to enjoy a beverage bar service available one hour before the concert starts, to savor the evening from the very first moment. A perfect date for those who want to relive ABBA&#8217;s greatest hits in a different, intimate and spectacular format. <\/p>\n\n<p>Tickets for both events are still available at <a href=\"https:\/\/culturatorrevieja.com\/en\/\">www.culturatorrevieja.com<\/a>.<\/p>\n\n<figure class=\"wp-block-image size-large is-resized\"><img decoding=\"async\" width=\"1024\" height=\"1024\" src=\"https:\/\/culturatorrevieja.com\/wp-content\/uploads\/2025\/08\/POST-y-CARTELES-58-1024x1024.png\" alt=\"\" class=\"wp-image-6861\" style=\"width:477px;height:auto\" srcset=\"https:\/\/culturatorrevieja.com\/wp-content\/uploads\/2025\/08\/POST-y-CARTELES-58-1024x1024.png 1024w, https:\/\/culturatorrevieja.com\/wp-content\/uploads\/2025\/08\/POST-y-CARTELES-58-300x300.png 300w, https:\/\/culturatorrevieja.com\/wp-content\/uploads\/2025\/08\/POST-y-CARTELES-58-150x150.png 150w, https:\/\/culturatorrevieja.com\/wp-content\/uploads\/2025\/08\/POST-y-CARTELES-58-768x768.png 768w, https:\/\/culturatorrevieja.com\/wp-content\/uploads\/2025\/08\/POST-y-CARTELES-58.png 1080w\" sizes=\"(max-width: 1024px) 100vw, 1024px\" \/><\/figure>\n","protected":false},"excerpt":{"rendered":"<p>Flamenco Festival On Thursday, August 14 at 20:00 hours, the Casa de Andaluc\u00eda &#8220;Rafael Albert\u00ed&#8221; of Torrevieja rekindles the flame of Andalusian art with the third edition of its successful [&hellip;]<\/p>\n","protected":false},"author":1,"featured_media":6860,"comment_status":"closed","ping_status":"closed","sticky":false,"template":"","format":"standard","meta":{"_acf_changed":false,"footnotes":""},"categories":[100],"tags":[],"class_list":["post-7628","post","type-post","status-publish","format-standard","has-post-thumbnail","hentry","category-blog-en"],"acf":[],"_links":{"self":[{"href":"https:\/\/culturatorrevieja.com\/en\/wp-json\/wp\/v2\/posts\/7628","targetHints":{"allow":["GET"]}}],"collection":[{"href":"https:\/\/culturatorrevieja.com\/en\/wp-json\/wp\/v2\/posts"}],"about":[{"href":"https:\/\/culturatorrevieja.com\/en\/wp-json\/wp\/v2\/types\/post"}],"author":[{"embeddable":true,"href":"https:\/\/culturatorrevieja.com\/en\/wp-json\/wp\/v2\/users\/1"}],"replies":[{"embeddable":true,"href":"https:\/\/culturatorrevieja.com\/en\/wp-json\/wp\/v2\/comments?post=7628"}],"version-history":[{"count":1,"href":"https:\/\/culturatorrevieja.com\/en\/wp-json\/wp\/v2\/posts\/7628\/revisions"}],"predecessor-version":[{"id":7629,"href":"https:\/\/culturatorrevieja.com\/en\/wp-json\/wp\/v2\/posts\/7628\/revisions\/7629"}],"wp:featuredmedia":[{"embeddable":true,"href":"https:\/\/culturatorrevieja.com\/en\/wp-json\/wp\/v2\/media\/6860"}],"wp:attachment":[{"href":"https:\/\/culturatorrevieja.com\/en\/wp-json\/wp\/v2\/media?parent=7628"}],"wp:term":[{"taxonomy":"category","embeddable":true,"href":"https:\/\/culturatorrevieja.com\/en\/wp-json\/wp\/v2\/categories?post=7628"},{"taxonomy":"post_tag","embeddable":true,"href":"https:\/\/culturatorrevieja.com\/en\/wp-json\/wp\/v2\/tags?post=7628"}],"curies":[{"name":"wp","href":"https:\/\/api.w.org\/{rel}","templated":true}]}}