{"id":4705,"date":"2024-09-10T17:51:08","date_gmt":"2024-09-10T15:51:08","guid":{"rendered":"https:\/\/culturatorrevieja.com\/the-9th-edition-of-torrevieja-audiovisual-and-sleeping-beauty-start-the-new-season-of-the-municipal-theater\/"},"modified":"2024-09-10T17:51:08","modified_gmt":"2024-09-10T15:51:08","slug":"the-9th-edition-of-torrevieja-audiovisual-and-sleeping-beauty-start-the-new-season-of-the-municipal-theater","status":"publish","type":"post","link":"https:\/\/culturatorrevieja.com\/en\/the-9th-edition-of-torrevieja-audiovisual-and-sleeping-beauty-start-the-new-season-of-the-municipal-theater\/","title":{"rendered":"The 9th edition of Torrevieja Audiovisual and &#8220;Sleeping Beauty&#8221; start the new season of the Municipal Theater."},"content":{"rendered":"\n<h4 class=\"wp-block-heading\"><em>Torrevieja Audiovisual will present a careful selection of the best national short films made in the last two years.<\/em><\/h4>\n\n\n\n<h4 class=\"wp-block-heading\"><em>A new version of &#8220;Sleeping Beauty&#8221; will premiere, with a more familiar and deeper message that promises to captivate all audiences.<\/em><\/h4>\n\n\n\n<figure class=\"wp-block-image size-full is-resized\"><img fetchpriority=\"high\" decoding=\"async\" width=\"1080\" height=\"1080\" src=\"https:\/\/culturatorrevieja.com\/wp-content\/uploads\/2024\/09\/Redes-TA24-Bueno-Sin-Logos-1.jpg\" alt=\"\" class=\"wp-image-3271\" style=\"width:327px;height:auto\" srcset=\"https:\/\/culturatorrevieja.com\/wp-content\/uploads\/2024\/09\/Redes-TA24-Bueno-Sin-Logos-1.jpg 1080w, https:\/\/culturatorrevieja.com\/wp-content\/uploads\/2024\/09\/Redes-TA24-Bueno-Sin-Logos-1-300x300.jpg 300w, https:\/\/culturatorrevieja.com\/wp-content\/uploads\/2024\/09\/Redes-TA24-Bueno-Sin-Logos-1-1024x1024.jpg 1024w, https:\/\/culturatorrevieja.com\/wp-content\/uploads\/2024\/09\/Redes-TA24-Bueno-Sin-Logos-1-150x150.jpg 150w, https:\/\/culturatorrevieja.com\/wp-content\/uploads\/2024\/09\/Redes-TA24-Bueno-Sin-Logos-1-768x768.jpg 768w\" sizes=\"(max-width: 1080px) 100vw, 1080px\" \/><\/figure>\n\n\n\n<p><strong>A cinematographic experience<\/strong><\/p>\n\n\n\n<p>In its ninth edition, Torrevieja Audiovisual is proud to present a careful selection of the best short films made in the last two years, offering the public a unique cinematic experience. The event will be held on September 13 and 14 at the Municipal Theater from 20:30 hours. <\/p>\n\n\n\n<p>This exclusive event will not only showcase high quality works, but will also feature the presence of the filmmakers, who will share with the public the vision and creative process behind each short film before its screening. Short films in animation and fiction presented by their authors will be screened, emphasizing that the program is suitable for children from 8 years old. <\/p>\n\n\n\n<p>There will be two sections for the competition: fiction and animation. The professional jury will be composed of four filmmakers of recognized national prestige, who will be in charge of evaluating the works and awarding the prizes. <\/p>\n\n\n\n<p>On Friday the following shorts will be presented: Felina (directed by Mar\u00eda Lorenzo), G\u00e9nesis (Ceres Machado), The Boogey and the Witch (Jorge Turell), Lion Dreams (Jordi L\u00f3pez), Cafun\u00e9 (Carlos F. de Vigo and Lorena Ares), Rutina (Roberto L\u00f3pez) and First Coin (Sonia S\u00e1nchez and Ana Juesas).<\/p>\n\n\n\n<p>On Saturday, the pieces Fin de Temporada (Leonor Mart\u00edn), Carmen y la Cuchara de Palo (Carlos G\u00f3mez-Mira) and Rojo por Rojo (Luc\u00eda Aparici) will be exhibited.<\/p>\n\n\n\n<p>Ensuring that all audiences can enjoy these masterpieces, all short films will be subtitled in English, making this festival a meeting point for film lovers in Torrevieja.<\/p>\n\n\n\n<p>The numbered invitations can be collected the same days of the event at the theater box office from 19:00 to 20:15 hours. If you want to know more, the information will be updated on instagram @torreviejaaudiovisual. <\/p>\n\n\n\n<figure class=\"wp-block-image size-full is-resized\"><img decoding=\"async\" src=\"https:\/\/culturatorrevieja.com\/wp-content\/uploads\/2024\/09\/2024-09-10-17_49_43-7-1.jpg-%E2%80%8E-Fotos.png\" alt=\"\" class=\"wp-image-3275\" style=\"width:482px;height:auto\"><\/figure>\n\n\n\n<p><strong>The musical of memories<\/strong><\/p>\n\n\n\n<p>This Sunday 15 at 7:00 pm, &#8220;Sleeping Beauty&#8221; is reinvented. The theater company &#8220;Trencad\u00eds&#8221; puts the focus for this story on memory, memories and cultural heritage. The protagonist of the story thought that her grandfather&#8217;s little stories would always be there; that she could ask him again, a thousand times, the recipe for apple pie, the dates of her cousins&#8217; birthdays or the details of the day she met her grandmother.  <\/p>\n\n\n\n<p>But the arrival of an unexpected diagnosis will shake the foundations of the grandfather&#8217;s memory and, with them, the granddaughter&#8217;s need to know more about the family&#8217;s past. How did grandfather and grandmother meet? Why was the story of &#8220;Sleeping Beauty&#8221; so important to them?  <\/p>\n\n\n\n<p>In short, this new proposal offers a walk through time that will reveal the importance of this story in the lives of the protagonists of the story, giving a deeper and more familiar message to the piece.<\/p>\n\n\n\n<p>You can still get tickets for the show from as little as 8\u20ac at the Theatre box office and at <a href=\"https:\/\/culturatorrevieja.com\/\"><u>www.culturatorrevieja.com<\/u><\/a>always remembering that those under 15 years old must be accompanied by an adult.<\/p>\n\n\n\n<figure class=\"wp-block-image size-full is-resized\"><img decoding=\"async\" width=\"761\" height=\"566\" src=\"https:\/\/culturatorrevieja.com\/wp-content\/uploads\/2024\/09\/2024-09-10-17_49_26-.png\" alt=\"\" class=\"wp-image-3273\" style=\"width:456px;height:auto\" srcset=\"https:\/\/culturatorrevieja.com\/wp-content\/uploads\/2024\/09\/2024-09-10-17_49_26-.png 761w, https:\/\/culturatorrevieja.com\/wp-content\/uploads\/2024\/09\/2024-09-10-17_49_26--300x223.png 300w\" sizes=\"(max-width: 761px) 100vw, 761px\" \/><\/figure>\n","protected":false},"excerpt":{"rendered":"<p>Torrevieja Audiovisual will present a careful selection of the best national short films made in the last two years. A new version of &#8220;Sleeping Beauty&#8221; will premiere, with a more [&hellip;]<\/p>\n","protected":false},"author":1,"featured_media":3274,"comment_status":"closed","ping_status":"closed","sticky":false,"template":"","format":"standard","meta":{"_acf_changed":false,"footnotes":""},"categories":[],"tags":[],"class_list":["post-4705","post","type-post","status-publish","format-standard","has-post-thumbnail","hentry"],"acf":[],"_links":{"self":[{"href":"https:\/\/culturatorrevieja.com\/en\/wp-json\/wp\/v2\/posts\/4705","targetHints":{"allow":["GET"]}}],"collection":[{"href":"https:\/\/culturatorrevieja.com\/en\/wp-json\/wp\/v2\/posts"}],"about":[{"href":"https:\/\/culturatorrevieja.com\/en\/wp-json\/wp\/v2\/types\/post"}],"author":[{"embeddable":true,"href":"https:\/\/culturatorrevieja.com\/en\/wp-json\/wp\/v2\/users\/1"}],"replies":[{"embeddable":true,"href":"https:\/\/culturatorrevieja.com\/en\/wp-json\/wp\/v2\/comments?post=4705"}],"version-history":[{"count":0,"href":"https:\/\/culturatorrevieja.com\/en\/wp-json\/wp\/v2\/posts\/4705\/revisions"}],"wp:featuredmedia":[{"embeddable":true,"href":"https:\/\/culturatorrevieja.com\/en\/wp-json\/wp\/v2\/media\/3274"}],"wp:attachment":[{"href":"https:\/\/culturatorrevieja.com\/en\/wp-json\/wp\/v2\/media?parent=4705"}],"wp:term":[{"taxonomy":"category","embeddable":true,"href":"https:\/\/culturatorrevieja.com\/en\/wp-json\/wp\/v2\/categories?post=4705"},{"taxonomy":"post_tag","embeddable":true,"href":"https:\/\/culturatorrevieja.com\/en\/wp-json\/wp\/v2\/tags?post=4705"}],"curies":[{"name":"wp","href":"https:\/\/api.w.org\/{rel}","templated":true}]}}