{"id":4695,"date":"2024-11-27T12:32:42","date_gmt":"2024-11-27T11:32:42","guid":{"rendered":"https:\/\/culturatorrevieja.com\/the-culture-of-torrevieja-continues-to-shine-with-5-major-events-to-close-november\/"},"modified":"2024-11-27T12:32:42","modified_gmt":"2024-11-27T11:32:42","slug":"the-culture-of-torrevieja-continues-to-shine-with-5-major-events-to-close-november","status":"publish","type":"post","link":"https:\/\/culturatorrevieja.com\/en\/the-culture-of-torrevieja-continues-to-shine-with-5-major-events-to-close-november\/","title":{"rendered":"The culture of Torrevieja continues to shine with 5 major events to close November."},"content":{"rendered":"\n<h3 class=\"wp-block-heading\"><br><strong>The cultural agenda this month has been full and will end in style this week with great shows like Diana Navarro, Angel Martin and his monologue, &#8220;Lily: A tale of Torrevieja&#8221;, the Gala of Disability and &#8220;The Salt of Torrevieja&#8221;.<\/strong><\/h3>\n\n\n\n<p><strong>Lily&#8217;s story<\/strong><\/p>\n\n\n\n<p>Next Thursday, November 28 at 20:00 pm at the Municipal Theater will be presented &#8220;Lily: a tale of Torrevieja&#8221;, a story where a young chana girl arrives in Torrevieja and finds work in a puppet theater with the Wolf and the Ogre. While the Wolf falls in love with her, the girl is attracted to Ariel, a Cuban guitarist who plays on the promenade and represents the essence of the habanera &#8220;Torrevieja&#8221; by Ricardo Lafuente. <\/p>\n\n\n\n<p>Ariel, although captivated by everything that reminds him of Cuba, lives with the sadness of knowing that his life is no longer what it used to be. Despite being engaged to Serafina, a girl from the village, Ariel finds himself wrapped up in Lily&#8217;s beauty and charm, while Serafina has constant and funny disputes with the beautiful Lola. <\/p>\n\n\n\n<p>Lily, now known as Lil\u00ed by the locals, faces a challenge when bad news arrives, but soon discovers that there is no place like Torrevieja to live and dream, surrounded by the affection and solidarity of its people. Don&#8217;t miss it! <\/p>\n\n\n\n<figure class=\"wp-block-image size-large is-resized\"><img fetchpriority=\"high\" decoding=\"async\" width=\"724\" height=\"1024\" src=\"https:\/\/culturatorrevieja.com\/wp-content\/uploads\/2024\/11\/Cartel-Lily-A388-724x1024.jpg\" alt=\"\" class=\"wp-image-3771\" style=\"width:402px;height:auto\" srcset=\"https:\/\/culturatorrevieja.com\/wp-content\/uploads\/2024\/11\/Cartel-Lily-A388-724x1024.jpg 724w, https:\/\/culturatorrevieja.com\/wp-content\/uploads\/2024\/11\/Cartel-Lily-A388-212x300.jpg 212w, https:\/\/culturatorrevieja.com\/wp-content\/uploads\/2024\/11\/Cartel-Lily-A388-768x1086.jpg 768w, https:\/\/culturatorrevieja.com\/wp-content\/uploads\/2024\/11\/Cartel-Lily-A388-1086x1536.jpg 1086w, https:\/\/culturatorrevieja.com\/wp-content\/uploads\/2024\/11\/Cartel-Lily-A388.jpg 1240w\" sizes=\"(max-width: 724px) 100vw, 724px\" \/><\/figure>\n\n\n\n<p><strong>#SUPERCAPACES<\/strong><\/p>\n\n\n\n<p>Then, on Friday, November 29 at 8:00 pm, the Theater will host the Disability 2024 #SUPERCAPACES Gala, an event celebrating inclusion, diversity and talent.<\/p>\n\n\n\n<p>The gala will feature the special participation of Juan Manuel Montilla, &#8220;El Langui&#8221;, renowned actor, rapper and advocate for the rights of people with disabilities. His charisma and inspiring message will make this evening a unique experience. <\/p>\n\n\n\n<p>Organized in collaboration with the ALPE and APANEE foundations, this gala seeks to raise awareness and give visibility to the abilities of all people, promoting a message of equality and respect.<\/p>\n\n\n\n<p>It will be a must-attend event for those who believe in a more inclusive and supportive world!<\/p>\n\n\n\n<figure class=\"wp-block-image size-large is-resized\"><img decoding=\"async\" width=\"724\" height=\"1024\" src=\"https:\/\/culturatorrevieja.com\/wp-content\/uploads\/2024\/11\/WhatsApp-Image-2024-11-07-at-11.10.33-1-724x1024.jpeg\" alt=\"\" class=\"wp-image-3773\" style=\"width:388px;height:auto\" srcset=\"https:\/\/culturatorrevieja.com\/wp-content\/uploads\/2024\/11\/WhatsApp-Image-2024-11-07-at-11.10.33-1-724x1024.jpeg 724w, https:\/\/culturatorrevieja.com\/wp-content\/uploads\/2024\/11\/WhatsApp-Image-2024-11-07-at-11.10.33-1-212x300.jpeg 212w, https:\/\/culturatorrevieja.com\/wp-content\/uploads\/2024\/11\/WhatsApp-Image-2024-11-07-at-11.10.33-1-768x1086.jpeg 768w, https:\/\/culturatorrevieja.com\/wp-content\/uploads\/2024\/11\/WhatsApp-Image-2024-11-07-at-11.10.33-1-1086x1536.jpeg 1086w, https:\/\/culturatorrevieja.com\/wp-content\/uploads\/2024\/11\/WhatsApp-Image-2024-11-07-at-11.10.33-1.jpeg 1131w\" sizes=\"(max-width: 724px) 100vw, 724px\" \/><\/figure>\n\n\n\n<p><strong>From Piquer to Navarro<\/strong><\/p>\n\n\n\n<p>Next Saturday, November 30 at 8:30 p.m. at the Municipal Theater, the great Diana Navarro, faithful defender of musical traditions, invites us on a sonorous journey from the simplicity of the piano to the most surprising fusion in which she demonstrates, once again, that the copla is timeless.<\/p>\n\n\n\n<p>After her resounding success as an actress representing Do\u00f1a Concha Piquer at the Teatro Espa\u00f1ol in Madrid, the Malaga-born actress wanted to pay tribute to Piquer and the genre she represented by recreating her most emblematic songs, as well as others not so popular, so that new generations can know and have as a reference to this woman who, among the many achievements of her career, was, at only 14 years old, the first Spanish actress to perform on Broadway and the first actress of sound films in the world.<\/p>\n\n\n\n<p>&#8216;Ojos verdes&#8217;, &#8216;No te mirres en el r\u00edo&#8217;, &#8216;Romance de la otra&#8217;, &#8216;En tierra extra\u00f1a&#8217;, &#8216;Tatuaje&#8217;, &#8216;Me embrujaste&#8217;, &#8216;Se dice&#8217;, &#8216;No me llames Dolores&#8217;, &#8216;Campanera&#8217; and more, all in the purest Navarro style.<\/p>\n\n\n\n<p>Artist in constant evolution, Diana Navarro, singer, composer and actress, has specialized in traditional Spanish music, fusing copla, saeta, flamenco and zarzuela with styles as diverse as symphonic pop or electronic. She has more than 15 years of success in which critics and audiences acclaim her artistic quality and extraordinary talent. <\/p>\n\n\n\n<p>A show not to be missed!<\/p>\n\n\n\n<figure class=\"wp-block-image size-large is-resized\"><img decoding=\"async\" width=\"1024\" height=\"1024\" src=\"https:\/\/culturatorrevieja.com\/wp-content\/uploads\/2024\/11\/71-1024x1024.png\" alt=\"\" class=\"wp-image-3775\" style=\"width:387px;height:auto\" srcset=\"https:\/\/culturatorrevieja.com\/wp-content\/uploads\/2024\/11\/71-1024x1024.png 1024w, https:\/\/culturatorrevieja.com\/wp-content\/uploads\/2024\/11\/71-300x300.png 300w, https:\/\/culturatorrevieja.com\/wp-content\/uploads\/2024\/11\/71-150x150.png 150w, https:\/\/culturatorrevieja.com\/wp-content\/uploads\/2024\/11\/71-768x768.png 768w, https:\/\/culturatorrevieja.com\/wp-content\/uploads\/2024\/11\/71.png 1080w\" sizes=\"(max-width: 1024px) 100vw, 1024px\" \/><\/figure>\n\n\n\n<p><strong>Comic-Musical Magazine &#8220;La Sal de Torrevieja&#8221;.<\/strong><\/p>\n\n\n\n<p>On Sunday December 01 at 18:30 pm, the Carnival troupe &#8220;La Sal de Torrevieja&#8221; presents a vibrant comic and musical show at the Municipal Theater, full of light, color and joy.<\/p>\n\n\n\n<p>This event promises a unique festive experience, where music and humor intertwine to offer an unforgettable night. With dazzling costumes, energetic choreographies and an unmatched spirit, the comparsa will make you laugh and enjoy yourself in an atmosphere of pure fun. <\/p>\n\n\n\n<figure class=\"wp-block-image size-large is-resized\"><img loading=\"lazy\" decoding=\"async\" width=\"724\" height=\"1024\" src=\"https:\/\/culturatorrevieja.com\/wp-content\/uploads\/2024\/11\/DIC-1-WhatsApp-Image-2024-07-04-at-09.04.44-1-724x1024.jpeg\" alt=\"\" class=\"wp-image-3779\" style=\"width:357px;height:auto\" srcset=\"https:\/\/culturatorrevieja.com\/wp-content\/uploads\/2024\/11\/DIC-1-WhatsApp-Image-2024-07-04-at-09.04.44-1-724x1024.jpeg 724w, https:\/\/culturatorrevieja.com\/wp-content\/uploads\/2024\/11\/DIC-1-WhatsApp-Image-2024-07-04-at-09.04.44-1-212x300.jpeg 212w, https:\/\/culturatorrevieja.com\/wp-content\/uploads\/2024\/11\/DIC-1-WhatsApp-Image-2024-07-04-at-09.04.44-1-768x1086.jpeg 768w, https:\/\/culturatorrevieja.com\/wp-content\/uploads\/2024\/11\/DIC-1-WhatsApp-Image-2024-07-04-at-09.04.44-1-1086x1536.jpeg 1086w, https:\/\/culturatorrevieja.com\/wp-content\/uploads\/2024\/11\/DIC-1-WhatsApp-Image-2024-07-04-at-09.04.44-1.jpeg 1131w\" sizes=\"(max-width: 724px) 100vw, 724px\" \/><\/figure>\n\n\n\n<p><strong>\u00c1ngel Martin: Point for the crazy ones<\/strong><\/p>\n\n\n\n<p>To end the week, on the same Sunday but at 8:00 p.m. at the International Auditorium, Angel Martin will present his show &#8220;Punto para los locos, a monologue that more than just touching on self-help issues, is a help and a vindication of the importance of mental health.<\/p>\n\n\n\n<p>The artist will try to make you realize that the only thing that differentiates us is not whether or not you are crazy, but at what volume the voice of shame, fear, anxiety, impatience are in your head; and he will try that, the next time one of those voices comes back, you can&#8217;t help but make fun of it and put on the scoreboard another &#8220;point for the crazy ones&#8221;.<\/p>\n\n\n\n<p>The Catalan writer and comedian speaks in this function from his own experience. He suffered a psychotic break in 2017 and, with that experience as a lesson, he has written the books &#8216;Por si las voces vuelven&#8217; and &#8216;Detr\u00e1s del ruido&#8217;, which he has just released this year. <\/p>\n\n\n\n<p>The show &#8216;Punto para los locos&#8217; is yet another tool for this author who tries to launch his message without ever forgetting the importance of humor and laughing at oneself. \u00c1ngel Mart\u00edn rose to fame as host of the comedy show &#8216;S\u00e9 lo que hicisteis&#8230;&#8217;, which also earned him numerous awards, including the TP de Oro and the Spanish Television Academy Award. <\/p>\n\n\n\n<p>He has also worked in &#8216;Noche sin tregua&#8217;, &#8216;En el aire&#8217; and &#8216;Wifileaks&#8217;, among many others. In recent years, he has focused his activity on social networks and has achieved great repercussion with his quick morning reviews of the daily news. He has plenty of artistic experience, and you can&#8217;t miss this great show.  <\/p>\n\n\n\n<p>Tickets for all these events can still be obtained at the box office of the Municipal Theater of Torrevieja and also on the website <a href=\"https:\/\/culturatorrevieja.com\/\"><u>www.culturatorrevieja.com<\/u><\/a>.<\/p>\n\n\n\n<figure class=\"wp-block-image size-full is-resized\"><img loading=\"lazy\" decoding=\"async\" width=\"1080\" height=\"1080\" src=\"https:\/\/culturatorrevieja.com\/wp-content\/uploads\/2024\/11\/69.png\" alt=\"\" class=\"wp-image-3783\" style=\"width:272px;height:auto\" srcset=\"https:\/\/culturatorrevieja.com\/wp-content\/uploads\/2024\/11\/69.png 1080w, https:\/\/culturatorrevieja.com\/wp-content\/uploads\/2024\/11\/69-300x300.png 300w, https:\/\/culturatorrevieja.com\/wp-content\/uploads\/2024\/11\/69-1024x1024.png 1024w, https:\/\/culturatorrevieja.com\/wp-content\/uploads\/2024\/11\/69-150x150.png 150w, https:\/\/culturatorrevieja.com\/wp-content\/uploads\/2024\/11\/69-768x768.png 768w\" sizes=\"(max-width: 1080px) 100vw, 1080px\" \/><\/figure>\n\n\n\n<p><\/p>\n","protected":false},"excerpt":{"rendered":"<p>The cultural agenda this month has been full and will end in style this week with great shows like Diana Navarro, Angel Martin and his monologue, &#8220;Lily: A tale of [&hellip;]<\/p>\n","protected":false},"author":1,"featured_media":0,"comment_status":"closed","ping_status":"closed","sticky":false,"template":"","format":"standard","meta":{"_acf_changed":false,"footnotes":""},"categories":[],"tags":[],"class_list":["post-4695","post","type-post","status-publish","format-standard","hentry"],"acf":[],"_links":{"self":[{"href":"https:\/\/culturatorrevieja.com\/en\/wp-json\/wp\/v2\/posts\/4695","targetHints":{"allow":["GET"]}}],"collection":[{"href":"https:\/\/culturatorrevieja.com\/en\/wp-json\/wp\/v2\/posts"}],"about":[{"href":"https:\/\/culturatorrevieja.com\/en\/wp-json\/wp\/v2\/types\/post"}],"author":[{"embeddable":true,"href":"https:\/\/culturatorrevieja.com\/en\/wp-json\/wp\/v2\/users\/1"}],"replies":[{"embeddable":true,"href":"https:\/\/culturatorrevieja.com\/en\/wp-json\/wp\/v2\/comments?post=4695"}],"version-history":[{"count":0,"href":"https:\/\/culturatorrevieja.com\/en\/wp-json\/wp\/v2\/posts\/4695\/revisions"}],"wp:attachment":[{"href":"https:\/\/culturatorrevieja.com\/en\/wp-json\/wp\/v2\/media?parent=4695"}],"wp:term":[{"taxonomy":"category","embeddable":true,"href":"https:\/\/culturatorrevieja.com\/en\/wp-json\/wp\/v2\/categories?post=4695"},{"taxonomy":"post_tag","embeddable":true,"href":"https:\/\/culturatorrevieja.com\/en\/wp-json\/wp\/v2\/tags?post=4695"}],"curies":[{"name":"wp","href":"https:\/\/api.w.org\/{rel}","templated":true}]}}