{"id":4693,"date":"2024-12-04T08:48:12","date_gmt":"2024-12-04T07:48:12","guid":{"rendered":"https:\/\/culturatorrevieja.com\/galder-varas-joins-cultura-torrevieja-with-two-sessions-in-the-month-of-june\/"},"modified":"2024-12-04T08:48:12","modified_gmt":"2024-12-04T07:48:12","slug":"galder-varas-joins-cultura-torrevieja-with-two-sessions-in-the-month-of-june","status":"publish","type":"post","link":"https:\/\/culturatorrevieja.com\/en\/galder-varas-joins-cultura-torrevieja-with-two-sessions-in-the-month-of-june\/","title":{"rendered":"Galder Varas joins Cultura Torrevieja with two sessions in the month of June"},"content":{"rendered":"\n<p>The comedian and showman joins the long list of monologuists who have passed through the International Auditorium of Torrevieja.<\/p>\n\n\n\n<p>Next June 13 and 14 in sessions at 21.00 comes the tour of Galder Varas &#8220;This is not a show&#8221;. A new twist by a very versatile artist, who has worked in prestigious programs and media, as well as collaborator in La Resistencia and Comedy Central. Another of his creative facets can be found as a scriptwriter, and this is what has allowed him to tour for some seasons with a show in which there is room for too many things.  <\/p>\n\n\n\n<p>The chosen stage is none other than the International Auditorium of Torrevieja, where they have already paraded Martita de Gran\u00e1, \u00c1ngel Mart\u00edn, Juan D\u00e1vila, Santiago Segura, Jose Mota or Commander Lara among others. A space that will possibly return to hang the Sold Out for the two sessions planned, in a tour that will pass among other cities in Madrid, Barcelona, Seville and Valencia selling out the ticket at each site you visit. <\/p>\n\n\n\n<p>The comedian and scriptwriter Galder Varas takes the stage with &#8220;Esto no es un show&#8221;, a monologue in which jokes and laughter will not be lacking. But, &#8220;If this is not a show&#8221;, you may be asking yourself, what is it about then? Well, it&#8217;s probably the same as many other stand up comedy shows.  <\/p>\n\n\n\n<p>A stage, a microphone and a comedian. There may also be a lot of improvisation, jokes and anecdotes different from those you have seen from Galder Varas in networks. What you can be sure of is that you will laugh out loud.  <\/p>\n\n\n\n<p>Don&#8217;t miss it!<\/p>\n\n\n\n<p><a href=\"https:\/\/culturatorrevieja.com\/evento\/galder-varas-esto-no-es-un-show\">https:\/\/culturatorrevieja.com\/evento\/galder-varas-esto-no-es-un-show<\/a><\/p>\n\n\n\n<figure class=\"wp-block-image size-large\"><img fetchpriority=\"high\" decoding=\"async\" width=\"1024\" height=\"1024\" src=\"https:\/\/culturatorrevieja.com\/wp-content\/uploads\/2024\/12\/WhatsApp-Image-2024-12-03-at-19.28.54-1024x1024.jpeg\" alt=\"\" class=\"wp-image-3801\" srcset=\"https:\/\/culturatorrevieja.com\/wp-content\/uploads\/2024\/12\/WhatsApp-Image-2024-12-03-at-19.28.54-1024x1024.jpeg 1024w, https:\/\/culturatorrevieja.com\/wp-content\/uploads\/2024\/12\/WhatsApp-Image-2024-12-03-at-19.28.54-300x300.jpeg 300w, https:\/\/culturatorrevieja.com\/wp-content\/uploads\/2024\/12\/WhatsApp-Image-2024-12-03-at-19.28.54-150x150.jpeg 150w, https:\/\/culturatorrevieja.com\/wp-content\/uploads\/2024\/12\/WhatsApp-Image-2024-12-03-at-19.28.54-768x768.jpeg 768w, https:\/\/culturatorrevieja.com\/wp-content\/uploads\/2024\/12\/WhatsApp-Image-2024-12-03-at-19.28.54.jpeg 1080w\" sizes=\"(max-width: 1024px) 100vw, 1024px\" \/><\/figure>\n","protected":false},"excerpt":{"rendered":"<p>The comedian and showman joins the long list of monologuists who have passed through the International Auditorium of Torrevieja. Next June 13 and 14 in sessions at 21.00 comes the [&hellip;]<\/p>\n","protected":false},"author":1,"featured_media":3802,"comment_status":"closed","ping_status":"closed","sticky":false,"template":"","format":"standard","meta":{"_acf_changed":false,"footnotes":""},"categories":[],"tags":[],"class_list":["post-4693","post","type-post","status-publish","format-standard","has-post-thumbnail","hentry"],"acf":[],"_links":{"self":[{"href":"https:\/\/culturatorrevieja.com\/en\/wp-json\/wp\/v2\/posts\/4693","targetHints":{"allow":["GET"]}}],"collection":[{"href":"https:\/\/culturatorrevieja.com\/en\/wp-json\/wp\/v2\/posts"}],"about":[{"href":"https:\/\/culturatorrevieja.com\/en\/wp-json\/wp\/v2\/types\/post"}],"author":[{"embeddable":true,"href":"https:\/\/culturatorrevieja.com\/en\/wp-json\/wp\/v2\/users\/1"}],"replies":[{"embeddable":true,"href":"https:\/\/culturatorrevieja.com\/en\/wp-json\/wp\/v2\/comments?post=4693"}],"version-history":[{"count":0,"href":"https:\/\/culturatorrevieja.com\/en\/wp-json\/wp\/v2\/posts\/4693\/revisions"}],"wp:featuredmedia":[{"embeddable":true,"href":"https:\/\/culturatorrevieja.com\/en\/wp-json\/wp\/v2\/media\/3802"}],"wp:attachment":[{"href":"https:\/\/culturatorrevieja.com\/en\/wp-json\/wp\/v2\/media?parent=4693"}],"wp:term":[{"taxonomy":"category","embeddable":true,"href":"https:\/\/culturatorrevieja.com\/en\/wp-json\/wp\/v2\/categories?post=4693"},{"taxonomy":"post_tag","embeddable":true,"href":"https:\/\/culturatorrevieja.com\/en\/wp-json\/wp\/v2\/tags?post=4693"}],"curies":[{"name":"wp","href":"https:\/\/api.w.org\/{rel}","templated":true}]}}